{"id":684,"date":"2022-10-07T09:13:31","date_gmt":"2022-10-07T07:13:31","guid":{"rendered":"https:\/\/termopiedra.com\/blog\/?p=684"},"modified":"2022-10-07T09:13:31","modified_gmt":"2022-10-07T07:13:31","slug":"termopiedra-estara-presente-en-rocalia-2019-termopiedra-sera-present-a-rocalia-2019","status":"publish","type":"post","link":"https:\/\/termopiedra.com\/blog\/termopiedra-estara-presente-en-rocalia-2019-termopiedra-sera-present-a-rocalia-2019\/","title":{"rendered":"TERMOPIEDRA estar\u00e1 presente en ROCALIA 2019 \/ TERMOPIEDRA sera pr\u00e9sent \u00e0 ROCALIA 2019"},"content":{"rendered":"<h3>**Conocer las necesidades del mercado, las tendencias en el sector y sus novedades son temas muy importantes para nosotros. **<\/h3>\n<p>Una manera para TERMOPIEDRA de fortalecer su presencia en el mercado nacional como internacional.<\/p>\n<p>Les invitamos a visitar nuestro stand: STAND N\u00ba 6J71 (Hall 6)<\/p>\n<p><strong>Entrada gratis<\/strong> \u2013 toda la informaci\u00f3n en Sal\u00f3n Rocalia<\/p>\n<p>&nbsp;<\/p>\n<h3>**Conna\u00eetre les besoins du march\u00e9 ainsi que les nouvelles tendances dans le secteur sont des th\u00e8mes tr\u00e8s importants pour nous. **<\/h3>\n<p>TERMOPIEDRA, une entreprise \u00e0 la recherche constante afin de consolider sa pr\u00e9sence sur le march\u00e9 national et international.<\/p>\n<p>Nous vous invitons \u00e0 visiter notre stand : STAND N\u00ba 6J71 (Hall 6)<\/p>\n<p><strong>Entr\u00e9e gratuite<\/strong> \u2013 toute l\u2019information sur le site www.salon-rocalia.com<\/p>\n","protected":false},"excerpt":{"rendered":"<p>**Conocer las necesidades del mercado, las tendencias en el sector y sus novedades son temas muy importantes para nosotros. ** Una manera para TERMOPIEDRA de fortalecer su presencia en el mercado nacional como internacional. Les invitamos a visitar nuestro stand: STAND N\u00ba 6J71 (Hall 6) Entrada gratis \u2013 toda la informaci\u00f3n en Sal\u00f3n Rocalia &nbsp; [&hellip;]<\/p>\n","protected":false},"author":1,"featured_media":685,"comment_status":"closed","ping_status":"open","sticky":false,"template":"","format":"standard","meta":{"footnotes":""},"categories":[38,39],"tags":[40],"class_list":["post-684","post","type-post","status-publish","format-standard","has-post-thumbnail","hentry","category-ferias","category-corporativo","tag-ferias-internacionales"],"_links":{"self":[{"href":"https:\/\/termopiedra.com\/blog\/wp-json\/wp\/v2\/posts\/684","targetHints":{"allow":["GET"]}}],"collection":[{"href":"https:\/\/termopiedra.com\/blog\/wp-json\/wp\/v2\/posts"}],"about":[{"href":"https:\/\/termopiedra.com\/blog\/wp-json\/wp\/v2\/types\/post"}],"author":[{"embeddable":true,"href":"https:\/\/termopiedra.com\/blog\/wp-json\/wp\/v2\/users\/1"}],"replies":[{"embeddable":true,"href":"https:\/\/termopiedra.com\/blog\/wp-json\/wp\/v2\/comments?post=684"}],"version-history":[{"count":1,"href":"https:\/\/termopiedra.com\/blog\/wp-json\/wp\/v2\/posts\/684\/revisions"}],"predecessor-version":[{"id":686,"href":"https:\/\/termopiedra.com\/blog\/wp-json\/wp\/v2\/posts\/684\/revisions\/686"}],"wp:featuredmedia":[{"embeddable":true,"href":"https:\/\/termopiedra.com\/blog\/wp-json\/wp\/v2\/media\/685"}],"wp:attachment":[{"href":"https:\/\/termopiedra.com\/blog\/wp-json\/wp\/v2\/media?parent=684"}],"wp:term":[{"taxonomy":"category","embeddable":true,"href":"https:\/\/termopiedra.com\/blog\/wp-json\/wp\/v2\/categories?post=684"},{"taxonomy":"post_tag","embeddable":true,"href":"https:\/\/termopiedra.com\/blog\/wp-json\/wp\/v2\/tags?post=684"}],"curies":[{"name":"wp","href":"https:\/\/api.w.org\/{rel}","templated":true}]}}